{"id":7712,"date":"2019-06-28T14:43:46","date_gmt":"2019-06-28T12:43:46","guid":{"rendered":"https:\/\/caritas.barcelona\/?p=7712"},"modified":"2026-03-27T12:51:34","modified_gmt":"2026-03-27T11:51:34","slug":"casa-de-acogida-pere-oliveras","status":"publish","type":"post","link":"https:\/\/caritas.barcelona\/es\/sin-hogar-y-vivienda\/casa-de-acogida-pere-oliveras\/","title":{"rendered":"Casa de acogida Pere Oliveras"},"content":{"rendered":"<p>Moss\u00e8n Pere Oliveras fue un cura del barrio de Santos que se dedic\u00f3 a los m\u00e1s necesitados y dej\u00f3 una gran huella y testimonio en esta zona de Barcelona.<\/p>\n<p>Siguiendo su legado y su labor, en 2018 se abri\u00f3 en la parroquia de Santa Mar\u00eda de Sants la casa de acogida Moss\u00e8n Pere Oliveras Lapostolet, un recurso con apoyo socioeducativo donde viven 16 personas acogidas y acompa\u00f1adas por C\u00e1ritas.<\/p>\n<p>&nbsp;<\/p>\n<p>Con el apoyo de:<\/p>\n<p><img loading=\"lazy\" decoding=\"async\" class=\"alignnone  wp-image-17422\" src=\"https:\/\/caritas.barcelona\/wp-content\/uploads\/2017\/06\/BSF-FAS-Logotip-Negre-RGB-scaled-e1774612198115.jpg\" alt=\"\" width=\"221\" height=\"124\" \/><\/p>\n","protected":false},"excerpt":{"rendered":"<p>Moss\u00e8n Pere Oliveras fue un cura del barrio de Santos que se dedic\u00f3 a los m\u00e1s necesitados y dej\u00f3 una gran huella y testimonio en esta zona de Barcelona. Siguiendo [&hellip;]<\/p>\n","protected":false},"author":8,"featured_media":7710,"comment_status":"closed","ping_status":"closed","sticky":false,"template":"","format":"standard","meta":{"footnotes":""},"categories":[218,222],"tags":[],"municipi":[245,141,157,285,144,158,286,145,148,150,225,151,226,152,227,153,228,154,229,155,137,156],"class_list":["post-7712","post","type-post","status-publish","format-standard","has-post-thumbnail","hentry","category-sin-hogar-y-vivienda","category-casa-para-personas-en-reinsercion","municipi-vilassar-de-mar","municipi-badalona","municipi-premia-de-dalt","municipi-lhospitalet-de-llobregat","municipi-sant-andreu-de-llavaneras","municipi-sant-adria-del-besos","municipi-caldes-destrac","municipi-sant-vicenc-de-montalt","municipi-cornella-de-llobregat","municipi-alella","municipi-zona-pastoral-1","municipi-cabrera-de-mar","municipi-zona-pastoral-2","municipi-cabrils","municipi-zona-pastoral-3","municipi-masnou","municipi-zona-pastoral-4","municipi-teia","municipi-zona-pastoral-5-i-6","municipi-santa-coloma-de-gramanet","municipi-barcelona","municipi-premia-de-mar"],"aioseo_notices":[],"_links":{"self":[{"href":"https:\/\/caritas.barcelona\/es\/wp-json\/wp\/v2\/posts\/7712","targetHints":{"allow":["GET"]}}],"collection":[{"href":"https:\/\/caritas.barcelona\/es\/wp-json\/wp\/v2\/posts"}],"about":[{"href":"https:\/\/caritas.barcelona\/es\/wp-json\/wp\/v2\/types\/post"}],"author":[{"embeddable":true,"href":"https:\/\/caritas.barcelona\/es\/wp-json\/wp\/v2\/users\/8"}],"replies":[{"embeddable":true,"href":"https:\/\/caritas.barcelona\/es\/wp-json\/wp\/v2\/comments?post=7712"}],"version-history":[{"count":3,"href":"https:\/\/caritas.barcelona\/es\/wp-json\/wp\/v2\/posts\/7712\/revisions"}],"predecessor-version":[{"id":17430,"href":"https:\/\/caritas.barcelona\/es\/wp-json\/wp\/v2\/posts\/7712\/revisions\/17430"}],"wp:featuredmedia":[{"embeddable":true,"href":"https:\/\/caritas.barcelona\/es\/wp-json\/wp\/v2\/media\/7710"}],"wp:attachment":[{"href":"https:\/\/caritas.barcelona\/es\/wp-json\/wp\/v2\/media?parent=7712"}],"wp:term":[{"taxonomy":"category","embeddable":true,"href":"https:\/\/caritas.barcelona\/es\/wp-json\/wp\/v2\/categories?post=7712"},{"taxonomy":"post_tag","embeddable":true,"href":"https:\/\/caritas.barcelona\/es\/wp-json\/wp\/v2\/tags?post=7712"},{"taxonomy":"municipi","embeddable":true,"href":"https:\/\/caritas.barcelona\/es\/wp-json\/wp\/v2\/municipi?post=7712"}],"curies":[{"name":"wp","href":"https:\/\/api.w.org\/{rel}","templated":true}]}}