{"id":2298,"date":"2017-06-05T09:47:33","date_gmt":"2017-06-05T09:47:33","guid":{"rendered":"https:\/\/caritas.barcelona\/pruebatura\/mediacion-en-vivienda\/"},"modified":"2018-08-28T09:24:21","modified_gmt":"2018-08-28T07:24:21","slug":"mediacion-en-vivienda","status":"publish","type":"post","link":"https:\/\/caritas.barcelona\/es\/sin-hogar-y-vivienda\/mediacion-en-vivienda\/","title":{"rendered":"Mediaci\u00f3n en vivienda"},"content":{"rendered":"<p>\u00bfEst\u00e1s en riesgo de perder tu vivienda ya sea de hipoteca o alquiler? \u00bfNecesitas mediaci\u00f3n o asesoramiento y no tienes recursos? Mediaci\u00f3n en Vivienda es un <strong>proyecto de prevenci\u00f3n de la exclusi\u00f3n residencial basado en el asesoramiento y la mediaci\u00f3n<\/strong>.<\/p>\n<p>Por un lado, se informa y se da asesoramiento en caso de que se quiera firmar un nuevo contrato \u2013ya sea hipotecario o de alquiler\u2013 para que las condiciones sean justas. Por otra parte, se realizan mediaciones entre propietarios e inquilinos para llegar a acuerdos que permitan la continuidad en la vivienda o entre entidades financieras y personas que est\u00e1n en riesgo inminente de p\u00e9rdida de la vivienda habitual.<\/p>\n<p>Si necesitas asesoramiento y\/o mediaci\u00f3n en materia de vivienda, <a href=\"mailto:smh@caritas.barcelona\">contacta con nosotros<\/a>.<\/p>\n","protected":false},"excerpt":{"rendered":"<p>\u00bfEst\u00e1s en riesgo de perder tu vivienda ya sea de hipoteca o alquiler? \u00bfNecesitas mediaci\u00f3n o asesoramiento y no tienes recursos? Mediaci\u00f3n en Vivienda es un proyecto de prevenci\u00f3n de [&hellip;]<\/p>\n","protected":false},"author":1,"featured_media":0,"comment_status":"closed","ping_status":"closed","sticky":false,"template":"","format":"standard","meta":{"footnotes":""},"categories":[218],"tags":[],"municipi":[259,271,260,272,261,273,262,274,263,275,264,276,265,277,266,278,267,279,268,269],"class_list":["post-2298","post","type-post","status-publish","format-standard","hentry","category-sin-hogar-y-vivienda","municipi-barcelona-es","municipi-santa-coloma-de-gramanet-es","municipi-badalona-es","municipi-premia-de-mar-es","municipi-caldes-d-estrac-es","municipi-premia-de-dalt-es","municipi-sant-andreu-de-llavaneras-es","municipi-sant-adria-del-besos-es","municipi-sant-vicenc-de-montalt-es","municipi-zona-pastoral-1-es","municipi-cornella-de-llobregat-es","municipi-zona-pastoral-2-es","municipi-hospitalet-de-llobregat-es","municipi-zona-pastoral-3-es","municipi-alella-es","municipi-zona-pastoral-4-es","municipi-cabrera-de-mar-es","municipi-zona-pastoral-5-i-6-es","municipi-cabrils-es","municipi-masnou-es"],"aioseo_notices":[],"_links":{"self":[{"href":"https:\/\/caritas.barcelona\/es\/wp-json\/wp\/v2\/posts\/2298","targetHints":{"allow":["GET"]}}],"collection":[{"href":"https:\/\/caritas.barcelona\/es\/wp-json\/wp\/v2\/posts"}],"about":[{"href":"https:\/\/caritas.barcelona\/es\/wp-json\/wp\/v2\/types\/post"}],"author":[{"embeddable":true,"href":"https:\/\/caritas.barcelona\/es\/wp-json\/wp\/v2\/users\/1"}],"replies":[{"embeddable":true,"href":"https:\/\/caritas.barcelona\/es\/wp-json\/wp\/v2\/comments?post=2298"}],"version-history":[{"count":2,"href":"https:\/\/caritas.barcelona\/es\/wp-json\/wp\/v2\/posts\/2298\/revisions"}],"predecessor-version":[{"id":5374,"href":"https:\/\/caritas.barcelona\/es\/wp-json\/wp\/v2\/posts\/2298\/revisions\/5374"}],"wp:attachment":[{"href":"https:\/\/caritas.barcelona\/es\/wp-json\/wp\/v2\/media?parent=2298"}],"wp:term":[{"taxonomy":"category","embeddable":true,"href":"https:\/\/caritas.barcelona\/es\/wp-json\/wp\/v2\/categories?post=2298"},{"taxonomy":"post_tag","embeddable":true,"href":"https:\/\/caritas.barcelona\/es\/wp-json\/wp\/v2\/tags?post=2298"},{"taxonomy":"municipi","embeddable":true,"href":"https:\/\/caritas.barcelona\/es\/wp-json\/wp\/v2\/municipi?post=2298"}],"curies":[{"name":"wp","href":"https:\/\/api.w.org\/{rel}","templated":true}]}}