{"id":2294,"date":"2017-06-05T09:47:33","date_gmt":"2017-06-05T09:47:33","guid":{"rendered":"https:\/\/caritas.barcelona\/pruebatura\/alfabetizacion-digital-zona-pastoral-1\/"},"modified":"2019-06-12T10:02:23","modified_gmt":"2019-06-12T08:02:23","slug":"alfabetizacion-digital","status":"publish","type":"post","link":"https:\/\/caritas.barcelona\/es\/formacion-e-insercion-laboral\/alfabetizacion-digital\/","title":{"rendered":"Alfabetizaci\u00f3n digital"},"content":{"rendered":"<p>El mundo digital se ha impuesto en nuestro d\u00eda a d\u00eda y, por supuesto, en los procesos de inserci\u00f3n laboral.<\/p>\n<p>Es por este motivo que se puso en marcha el curso de alfabetizaci\u00f3n digital para personas que no han tenido contacto con un ordenador o que tienen un nivel muy bajo de conocimientos inform\u00e1ticos. Un\/a profesional, junto con un grupo de personas voluntarias, se re\u00fanen en alguno de los tres centros donde se realiza este curso en horario de ma\u00f1ana o tarde para <strong>aprender cu\u00e1les son las diferentes partes de un ordenador, c\u00f3mo funcionan los programas de edici\u00f3n de textos y para navegar por Internet<\/strong>.<\/p>\n","protected":false},"excerpt":{"rendered":"<p>El mundo digital se ha impuesto en nuestro d\u00eda a d\u00eda y, por supuesto, en los procesos de inserci\u00f3n laboral. Es por este motivo que se puso en marcha el [&hellip;]<\/p>\n","protected":false},"author":1,"featured_media":0,"comment_status":"closed","ping_status":"closed","sticky":false,"template":"","format":"standard","meta":{"footnotes":""},"categories":[207,217],"tags":[],"municipi":[276,277,259,275],"class_list":["post-2294","post","type-post","status-publish","format-standard","hentry","category-formacion-e-insercion-laboral","category-formacion-de-oficios-basicos","municipi-zona-pastoral-2-es","municipi-zona-pastoral-3-es","municipi-barcelona-es","municipi-zona-pastoral-1-es"],"aioseo_notices":[],"_links":{"self":[{"href":"https:\/\/caritas.barcelona\/es\/wp-json\/wp\/v2\/posts\/2294","targetHints":{"allow":["GET"]}}],"collection":[{"href":"https:\/\/caritas.barcelona\/es\/wp-json\/wp\/v2\/posts"}],"about":[{"href":"https:\/\/caritas.barcelona\/es\/wp-json\/wp\/v2\/types\/post"}],"author":[{"embeddable":true,"href":"https:\/\/caritas.barcelona\/es\/wp-json\/wp\/v2\/users\/1"}],"replies":[{"embeddable":true,"href":"https:\/\/caritas.barcelona\/es\/wp-json\/wp\/v2\/comments?post=2294"}],"version-history":[{"count":4,"href":"https:\/\/caritas.barcelona\/es\/wp-json\/wp\/v2\/posts\/2294\/revisions"}],"predecessor-version":[{"id":7571,"href":"https:\/\/caritas.barcelona\/es\/wp-json\/wp\/v2\/posts\/2294\/revisions\/7571"}],"wp:attachment":[{"href":"https:\/\/caritas.barcelona\/es\/wp-json\/wp\/v2\/media?parent=2294"}],"wp:term":[{"taxonomy":"category","embeddable":true,"href":"https:\/\/caritas.barcelona\/es\/wp-json\/wp\/v2\/categories?post=2294"},{"taxonomy":"post_tag","embeddable":true,"href":"https:\/\/caritas.barcelona\/es\/wp-json\/wp\/v2\/tags?post=2294"},{"taxonomy":"municipi","embeddable":true,"href":"https:\/\/caritas.barcelona\/es\/wp-json\/wp\/v2\/municipi?post=2294"}],"curies":[{"name":"wp","href":"https:\/\/api.w.org\/{rel}","templated":true}]}}