{"id":2292,"date":"2017-06-05T09:47:33","date_gmt":"2017-06-05T09:47:33","guid":{"rendered":"https:\/\/caritas.barcelona\/pruebatura\/espacio-formativo-australia\/"},"modified":"2018-08-28T13:08:20","modified_gmt":"2018-08-28T11:08:20","slug":"espacio-formativo-australia","status":"publish","type":"post","link":"https:\/\/caritas.barcelona\/es\/formacion-e-insercion-laboral\/espacio-formativo-australia\/","title":{"rendered":"Espacio formativo Austr\u00e0lia"},"content":{"rendered":"<p>En la ciudad de Badalona, C\u00e1ritas ofrece los <strong>oficios b\u00e1sicos de electricidad y fr\u00edo comercial<\/strong>.<\/p>\n<p>Cada jueves y viernes de 9h a 13h y durante 10 semanas \u201380h en total\u2013, los alumnos de estos cursos adquieren conocimientos t\u00e9cnicos, actitudes y habilidades generales para desarrollar una actividad laboral en los campos de la electricidad y el fr\u00edo comercial.<\/p>\n","protected":false},"excerpt":{"rendered":"<p>En la ciudad de Badalona, C\u00e1ritas ofrece los oficios b\u00e1sicos de electricidad y fr\u00edo comercial. Cada jueves y viernes de 9h a 13h y durante 10 semanas \u201380h en total\u2013, [&hellip;]<\/p>\n","protected":false},"author":1,"featured_media":0,"comment_status":"closed","ping_status":"closed","sticky":false,"template":"","format":"standard","meta":{"footnotes":""},"categories":[207,217],"tags":[],"municipi":[260,279],"class_list":["post-2292","post","type-post","status-publish","format-standard","hentry","category-formacion-e-insercion-laboral","category-formacion-de-oficios-basicos","municipi-badalona-es","municipi-zona-pastoral-5-i-6-es"],"aioseo_notices":[],"_links":{"self":[{"href":"https:\/\/caritas.barcelona\/es\/wp-json\/wp\/v2\/posts\/2292","targetHints":{"allow":["GET"]}}],"collection":[{"href":"https:\/\/caritas.barcelona\/es\/wp-json\/wp\/v2\/posts"}],"about":[{"href":"https:\/\/caritas.barcelona\/es\/wp-json\/wp\/v2\/types\/post"}],"author":[{"embeddable":true,"href":"https:\/\/caritas.barcelona\/es\/wp-json\/wp\/v2\/users\/1"}],"replies":[{"embeddable":true,"href":"https:\/\/caritas.barcelona\/es\/wp-json\/wp\/v2\/comments?post=2292"}],"version-history":[{"count":2,"href":"https:\/\/caritas.barcelona\/es\/wp-json\/wp\/v2\/posts\/2292\/revisions"}],"predecessor-version":[{"id":5500,"href":"https:\/\/caritas.barcelona\/es\/wp-json\/wp\/v2\/posts\/2292\/revisions\/5500"}],"wp:attachment":[{"href":"https:\/\/caritas.barcelona\/es\/wp-json\/wp\/v2\/media?parent=2292"}],"wp:term":[{"taxonomy":"category","embeddable":true,"href":"https:\/\/caritas.barcelona\/es\/wp-json\/wp\/v2\/categories?post=2292"},{"taxonomy":"post_tag","embeddable":true,"href":"https:\/\/caritas.barcelona\/es\/wp-json\/wp\/v2\/tags?post=2292"},{"taxonomy":"municipi","embeddable":true,"href":"https:\/\/caritas.barcelona\/es\/wp-json\/wp\/v2\/municipi?post=2292"}],"curies":[{"name":"wp","href":"https:\/\/api.w.org\/{rel}","templated":true}]}}