{"id":332,"count":0,"description":"<strong>Distancia f\u00edsica, proximidad personal<\/strong>\r\n\r\nLas personas mayores han ido perdiendo a lo largo de los a\u00f1os v\u00ednculos y relaciones que les permit\u00edan estar en contacto con otras personas y entornos.\r\n\r\nEsta carencia de relaci\u00f3n <strong>provoca una soledad no deseada que en la mayor\u00eda de los casos acelera el malestar y el deterioro f\u00edsico, cognitivo y emocional.<\/strong> Situaciones como la Covid-19, no han hecho m\u00e1s que incrementar la necesidad de relaci\u00f3n. Es por esto que se han puesto en marcha diferentes proyectos y actividades para acompa\u00f1ar a distancia a las personas mayores. Este acompa\u00f1amiento y contacto se realiza por diversos canales de comunicaci\u00f3n, gracias a una amplia red de voluntarios y la colaboraci\u00f3n de Escoles amb Cor se acompa\u00f1a con atenci\u00f3n telef\u00f3nica, cartas intergeneracionales y env\u00edo de material cognitivo.\r\n\r\nEs un acompa\u00f1amiento individualizado que permite a las personas mayores abrir una ventana en el mundo y ampliar su red de relaciones humanas.\r\n","link":"https:\/\/caritas.barcelona\/es\/personas-mayores\/acompanamiento-a-distancia\/","name":"Acompa\u00f1amiento a distancia","slug":"acompanamiento-a-distancia","taxonomy":"category","parent":185,"meta":[],"_links":{"self":[{"href":"https:\/\/caritas.barcelona\/es\/wp-json\/wp\/v2\/categories\/332","targetHints":{"allow":["GET"]}}],"collection":[{"href":"https:\/\/caritas.barcelona\/es\/wp-json\/wp\/v2\/categories"}],"about":[{"href":"https:\/\/caritas.barcelona\/es\/wp-json\/wp\/v2\/taxonomies\/category"}],"up":[{"embeddable":true,"href":"https:\/\/caritas.barcelona\/es\/wp-json\/wp\/v2\/categories\/185"}],"wp:post_type":[{"href":"https:\/\/caritas.barcelona\/es\/wp-json\/wp\/v2\/posts?categories=332"}],"curies":[{"name":"wp","href":"https:\/\/api.w.org\/{rel}","templated":true}]}}