{"id":326,"count":0,"description":"<strong>La migraci\u00f3n, adem\u00e1s de convertirse en un proceso personal, es tambi\u00e9n un proceso administrativo y legal<\/strong>\r\n\r\nLa falta de autorizaci\u00f3n de residencia es claro de riesgo de exclusi\u00f3n social y por este motivo, desde C\u00e1ritas <strong>ofrecemos atenci\u00f3n legal individualizada y grupal, a fin de asesorar y acompa\u00f1ar jur\u00eddicamente,<\/strong> tanto en los procedimientos de regularizaci\u00f3n como en las renovaciones, evitando as\u00ed caer en situaciones de irregularidad sobrevenida.\r\n\r\nAdem\u00e1s de asesorarlas sobre gestiones administrativas, <strong>un equipo de juristas se mueve por las diferentes parroquias de la di\u00f3cesis para informar sobre extranjer\u00eda y migraci\u00f3n,<\/strong> as\u00ed como para formar a todos los agentes intervinientes.\r\n\r\nA este servicio <strong>se accede desde el acompa\u00f1amiento individualizado de cada territorio o desde diferentes proyectos y parroquias de la di\u00f3cesis.<\/strong>\r\n","link":"https:\/\/caritas.barcelona\/es\/mobilidad-humana\/asesoria-juridica-en-extranjeria\/","name":"Asesor\u00eda jur\u00eddica en extranjer\u00eda","slug":"asesoria-juridica-en-extranjeria","taxonomy":"category","parent":192,"meta":[],"_links":{"self":[{"href":"https:\/\/caritas.barcelona\/es\/wp-json\/wp\/v2\/categories\/326","targetHints":{"allow":["GET"]}}],"collection":[{"href":"https:\/\/caritas.barcelona\/es\/wp-json\/wp\/v2\/categories"}],"about":[{"href":"https:\/\/caritas.barcelona\/es\/wp-json\/wp\/v2\/taxonomies\/category"}],"up":[{"embeddable":true,"href":"https:\/\/caritas.barcelona\/es\/wp-json\/wp\/v2\/categories\/192"}],"wp:post_type":[{"href":"https:\/\/caritas.barcelona\/es\/wp-json\/wp\/v2\/posts?categories=326"}],"curies":[{"name":"wp","href":"https:\/\/api.w.org\/{rel}","templated":true}]}}